{"id":9599,"date":"2025-12-17T00:00:00","date_gmt":"2025-12-17T00:00:00","guid":{"rendered":"https:\/\/institutobarandiaran.com\/el-instituto-barandiaran-pudo-participar-en-una-sesion-de-euroscola-celebrada-en-su-sede-en-estrasburgo\/"},"modified":"2026-01-22T13:24:30","modified_gmt":"2026-01-22T13:24:30","slug":"el-instituto-barandiaran-pudo-participar-en-una-sesion-de-euroscola-celebrada-en-su-sede-en-estrasburgo","status":"publish","type":"post","link":"https:\/\/institutobarandiaran.com\/es\/el-instituto-barandiaran-pudo-participar-en-una-sesion-de-euroscola-celebrada-en-su-sede-en-estrasburgo\/","title":{"rendered":"EL INSTITUTO BARANDIAR\u00c1N PARTICIP\u00d3 EN UNA SESI\u00d3N DE EUROSCOLA CELEBRADA EN SU SEDE EN ESTRASBURGO"},"content":{"rendered":"<div class=\"wpb-content-wrapper\"><div class=\"vc_row wpb_row vc_row-fluid\"><div class=\"wpb_column vc_column_container vc_col-sm-12\"><div class=\"vc_column-inner vc_custom_1650882373253\"><div class=\"wpb_wrapper\">\n\t<div class=\"wpb_text_column wpb_content_element\" >\n\t\t<div class=\"wpb_wrapper\">\n\t\t\t<p>24 estudiantes y 3 profesores viajaron del 27 al 29 de noviembre a esta ciudad preciosa de Francia donde pudieron ponerse en la piel de un europarlamentario y expresar sus ideas en frente de otros tantos estudiantes venidos de toda Europa.<\/p>\n<p>Una experiencia inolvidable para todos!<\/p>\n<p><iframe loading=\"lazy\" title=\"YouTube video player\" src=\"https:\/\/www.youtube.com\/embed\/J3VSD8CRBxw?si=56-180UoXjkkeZ-Z\" width=\"560\" height=\"315\" frameborder=\"0\" allowfullscreen=\"allowfullscreen\"><\/iframe><\/p>\n\n\t\t<\/div>\n\t<\/div>\n\n\t<div class=\"wpb_text_column wpb_content_element\" >\n\t\t<div class=\"wpb_wrapper\">\n\t\t\t<h5 class=\"tit_noti_documentos\">Enlaces y documentos<\/h5>\n\n\t\t<\/div>\n\t<\/div>\n<\/div><\/div><\/div><\/div><div class=\"vc_row wpb_row vc_row-fluid\"><div class=\"wpb_column vc_column_container vc_col-sm-12\"><div class=\"vc_column-inner\"><div class=\"wpb_wrapper\"><div class=\"uavc-list-icon uavc-list-icon-wrapper ult-adjust-bottom-margin   vc_custom_1672733995513  vc_custom_1672733995513\"><ul class=\"uavc-list\"><\/ul><\/div><\/div><\/div><\/div><\/div><div class=\"vc_row wpb_row vc_row-fluid\"><div class=\"wpb_column vc_column_container vc_col-sm-12\"><div class=\"vc_column-inner\"><div class=\"wpb_wrapper\"><div class=\"uavc-list-icon uavc-list-icon-wrapper ult-adjust-bottom-margin   vc_custom_1672734002448  vc_custom_1672734002448\"><ul class=\"uavc-list\"><\/ul><\/div><\/div><\/div><\/div><\/div>\n<\/div>","protected":false},"excerpt":{"rendered":"24 estudiantes y 3 profesores viajaron del 27 al 29 de noviembre a esta ciudad preciosa de Francia donde pudieron ponerse en la piel de un europarlamentario y expresar sus ideas en frente de otros tantos estudiantes venidos de toda Europa. Una experiencia inolvidable para todos! Enlaces y documentos","protected":false},"author":1,"featured_media":9597,"comment_status":"closed","ping_status":"closed","sticky":false,"template":"","format":"standard","meta":{"_acf_changed":false,"_settagord":"25","footnotes":""},"categories":[69],"tags":[25],"post_series":[],"class_list":["post-9599","post","type-post","status-publish","format-standard","has-post-thumbnail","hentry","category-epas-es","tag-normal","entry","has-media"],"acf":[],"yoast_head":"<!-- This site is optimized with the Yoast SEO plugin v27.4 - https:\/\/yoast.com\/product\/yoast-seo-wordpress\/ -->\n<title>EL INSTITUTO BARANDIAR\u00c1N PARTICIP\u00d3 EN UNA SESI\u00d3N DE EUROSCOLA CELEBRADA EN SU SEDE EN ESTRASBURGO - IES Jose Miguel Barandiaran - Leioa - Instituto de Ense\u00f1anza Secundaria - Bizkaia<\/title>\n<meta name=\"robots\" content=\"index, follow, max-snippet:-1, max-image-preview:large, max-video-preview:-1\" \/>\n<link rel=\"canonical\" href=\"https:\/\/institutobarandiaran.com\/es\/el-instituto-barandiaran-pudo-participar-en-una-sesion-de-euroscola-celebrada-en-su-sede-en-estrasburgo\/\" \/>\n<meta property=\"og:locale\" content=\"es_ES\" \/>\n<meta property=\"og:type\" content=\"article\" \/>\n<meta property=\"og:title\" content=\"EL INSTITUTO BARANDIAR\u00c1N PARTICIP\u00d3 EN UNA SESI\u00d3N DE EUROSCOLA CELEBRADA EN SU SEDE EN ESTRASBURGO - IES Jose Miguel Barandiaran - Leioa - Instituto de Ense\u00f1anza Secundaria - Bizkaia\" \/>\n<meta property=\"og:url\" content=\"https:\/\/institutobarandiaran.com\/es\/el-instituto-barandiaran-pudo-participar-en-una-sesion-de-euroscola-celebrada-en-su-sede-en-estrasburgo\/\" \/>\n<meta property=\"og:site_name\" content=\"IES Jose Miguel Barandiaran - Leioa - Instituto de Ense\u00f1anza Secundaria - Bizkaia\" \/>\n<meta property=\"article:publisher\" content=\"https:\/\/es-es.facebook.com\/people\/IES-Jose-Miguel-Barandiaran\/100066301578752\/\" \/>\n<meta property=\"article:published_time\" content=\"2025-12-17T00:00:00+00:00\" \/>\n<meta property=\"article:modified_time\" content=\"2026-01-22T13:24:30+00:00\" \/>\n<meta property=\"og:image\" content=\"https:\/\/institutobarandiaran.com\/wp-content\/uploads\/2025\/12\/euroscola.jpg\" \/>\n\t<meta property=\"og:image:width\" content=\"1490\" \/>\n\t<meta property=\"og:image:height\" content=\"1236\" \/>\n\t<meta property=\"og:image:type\" content=\"image\/jpeg\" \/>\n<meta name=\"author\" content=\"komunika\" \/>\n<meta name=\"twitter:card\" content=\"summary_large_image\" \/>\n<meta name=\"twitter:label1\" content=\"Escrito por\" \/>\n\t<meta name=\"twitter:data1\" content=\"komunika\" \/>\n\t<meta name=\"twitter:label2\" content=\"Tiempo de lectura\" \/>\n\t<meta name=\"twitter:data2\" content=\"1 minuto\" \/>\n<script type=\"application\/ld+json\" class=\"yoast-schema-graph\">{\"@context\":\"https:\\\/\\\/schema.org\",\"@graph\":[{\"@type\":\"Article\",\"@id\":\"https:\\\/\\\/institutobarandiaran.com\\\/es\\\/el-instituto-barandiaran-pudo-participar-en-una-sesion-de-euroscola-celebrada-en-su-sede-en-estrasburgo\\\/#article\",\"isPartOf\":{\"@id\":\"https:\\\/\\\/institutobarandiaran.com\\\/es\\\/el-instituto-barandiaran-pudo-participar-en-una-sesion-de-euroscola-celebrada-en-su-sede-en-estrasburgo\\\/\"},\"author\":{\"name\":\"komunika\",\"@id\":\"https:\\\/\\\/institutobarandiaran.com\\\/es\\\/#\\\/schema\\\/person\\\/ee9f6451580c28bc9a6be1df2eddc805\"},\"headline\":\"EL INSTITUTO BARANDIAR\u00c1N PARTICIP\u00d3 EN UNA SESI\u00d3N DE EUROSCOLA CELEBRADA EN SU SEDE EN ESTRASBURGO\",\"datePublished\":\"2025-12-17T00:00:00+00:00\",\"dateModified\":\"2026-01-22T13:24:30+00:00\",\"mainEntityOfPage\":{\"@id\":\"https:\\\/\\\/institutobarandiaran.com\\\/es\\\/el-instituto-barandiaran-pudo-participar-en-una-sesion-de-euroscola-celebrada-en-su-sede-en-estrasburgo\\\/\"},\"wordCount\":155,\"publisher\":{\"@id\":\"https:\\\/\\\/institutobarandiaran.com\\\/es\\\/#organization\"},\"image\":{\"@id\":\"https:\\\/\\\/institutobarandiaran.com\\\/es\\\/el-instituto-barandiaran-pudo-participar-en-una-sesion-de-euroscola-celebrada-en-su-sede-en-estrasburgo\\\/#primaryimage\"},\"thumbnailUrl\":\"https:\\\/\\\/institutobarandiaran.com\\\/wp-content\\\/uploads\\\/2025\\\/12\\\/euroscola.jpg\",\"keywords\":[\"Normal\"],\"articleSection\":[\"EPAS\"],\"inLanguage\":\"es\"},{\"@type\":\"WebPage\",\"@id\":\"https:\\\/\\\/institutobarandiaran.com\\\/es\\\/el-instituto-barandiaran-pudo-participar-en-una-sesion-de-euroscola-celebrada-en-su-sede-en-estrasburgo\\\/\",\"url\":\"https:\\\/\\\/institutobarandiaran.com\\\/es\\\/el-instituto-barandiaran-pudo-participar-en-una-sesion-de-euroscola-celebrada-en-su-sede-en-estrasburgo\\\/\",\"name\":\"EL INSTITUTO BARANDIAR\u00c1N PARTICIP\u00d3 EN UNA SESI\u00d3N DE EUROSCOLA CELEBRADA EN SU SEDE EN ESTRASBURGO - IES Jose Miguel Barandiaran - Leioa - Instituto de Ense\u00f1anza Secundaria - Bizkaia\",\"isPartOf\":{\"@id\":\"https:\\\/\\\/institutobarandiaran.com\\\/es\\\/#website\"},\"primaryImageOfPage\":{\"@id\":\"https:\\\/\\\/institutobarandiaran.com\\\/es\\\/el-instituto-barandiaran-pudo-participar-en-una-sesion-de-euroscola-celebrada-en-su-sede-en-estrasburgo\\\/#primaryimage\"},\"image\":{\"@id\":\"https:\\\/\\\/institutobarandiaran.com\\\/es\\\/el-instituto-barandiaran-pudo-participar-en-una-sesion-de-euroscola-celebrada-en-su-sede-en-estrasburgo\\\/#primaryimage\"},\"thumbnailUrl\":\"https:\\\/\\\/institutobarandiaran.com\\\/wp-content\\\/uploads\\\/2025\\\/12\\\/euroscola.jpg\",\"datePublished\":\"2025-12-17T00:00:00+00:00\",\"dateModified\":\"2026-01-22T13:24:30+00:00\",\"breadcrumb\":{\"@id\":\"https:\\\/\\\/institutobarandiaran.com\\\/es\\\/el-instituto-barandiaran-pudo-participar-en-una-sesion-de-euroscola-celebrada-en-su-sede-en-estrasburgo\\\/#breadcrumb\"},\"inLanguage\":\"es\",\"potentialAction\":[{\"@type\":\"ReadAction\",\"target\":[\"https:\\\/\\\/institutobarandiaran.com\\\/es\\\/el-instituto-barandiaran-pudo-participar-en-una-sesion-de-euroscola-celebrada-en-su-sede-en-estrasburgo\\\/\"]}]},{\"@type\":\"ImageObject\",\"inLanguage\":\"es\",\"@id\":\"https:\\\/\\\/institutobarandiaran.com\\\/es\\\/el-instituto-barandiaran-pudo-participar-en-una-sesion-de-euroscola-celebrada-en-su-sede-en-estrasburgo\\\/#primaryimage\",\"url\":\"https:\\\/\\\/institutobarandiaran.com\\\/wp-content\\\/uploads\\\/2025\\\/12\\\/euroscola.jpg\",\"contentUrl\":\"https:\\\/\\\/institutobarandiaran.com\\\/wp-content\\\/uploads\\\/2025\\\/12\\\/euroscola.jpg\",\"width\":1490,\"height\":1236},{\"@type\":\"BreadcrumbList\",\"@id\":\"https:\\\/\\\/institutobarandiaran.com\\\/es\\\/el-instituto-barandiaran-pudo-participar-en-una-sesion-de-euroscola-celebrada-en-su-sede-en-estrasburgo\\\/#breadcrumb\",\"itemListElement\":[{\"@type\":\"ListItem\",\"position\":1,\"name\":\"Portada\",\"item\":\"https:\\\/\\\/institutobarandiaran.com\\\/es\\\/\"},{\"@type\":\"ListItem\",\"position\":2,\"name\":\"EL INSTITUTO BARANDIAR\u00c1N PARTICIP\u00d3 EN UNA SESI\u00d3N DE EUROSCOLA CELEBRADA EN SU SEDE EN ESTRASBURGO\"}]},{\"@type\":\"WebSite\",\"@id\":\"https:\\\/\\\/institutobarandiaran.com\\\/es\\\/#website\",\"url\":\"https:\\\/\\\/institutobarandiaran.com\\\/es\\\/\",\"name\":\"IES Jose Miguel Barandiaran - Leioa - Instituto de Ense\u00f1anza Secundaria - Bizkaia\",\"description\":\"Otro sitio realizado con WordPress\",\"publisher\":{\"@id\":\"https:\\\/\\\/institutobarandiaran.com\\\/es\\\/#organization\"},\"alternateName\":\"IES Jose Miguel Barandiaran - Leioa\",\"potentialAction\":[{\"@type\":\"SearchAction\",\"target\":{\"@type\":\"EntryPoint\",\"urlTemplate\":\"https:\\\/\\\/institutobarandiaran.com\\\/es\\\/?s={search_term_string}\"},\"query-input\":{\"@type\":\"PropertyValueSpecification\",\"valueRequired\":true,\"valueName\":\"search_term_string\"}}],\"inLanguage\":\"es\"},{\"@type\":\"Organization\",\"@id\":\"https:\\\/\\\/institutobarandiaran.com\\\/es\\\/#organization\",\"name\":\"IES Jose Miguel Barandiaran - Leioa - Instituto de Ense\u00f1anza Secundaria - Bizkaia\",\"alternateName\":\"IES Jose Miguel Barandiaran\",\"url\":\"https:\\\/\\\/institutobarandiaran.com\\\/es\\\/\",\"logo\":{\"@type\":\"ImageObject\",\"inLanguage\":\"es\",\"@id\":\"https:\\\/\\\/institutobarandiaran.com\\\/es\\\/#\\\/schema\\\/logo\\\/image\\\/\",\"url\":\"https:\\\/\\\/institutobarandiaran.com\\\/wp-content\\\/uploads\\\/2022\\\/10\\\/logo_barandiaran_color.png\",\"contentUrl\":\"https:\\\/\\\/institutobarandiaran.com\\\/wp-content\\\/uploads\\\/2022\\\/10\\\/logo_barandiaran_color.png\",\"width\":386,\"height\":164,\"caption\":\"IES Jose Miguel Barandiaran - Leioa - Instituto de Ense\u00f1anza Secundaria - Bizkaia\"},\"image\":{\"@id\":\"https:\\\/\\\/institutobarandiaran.com\\\/es\\\/#\\\/schema\\\/logo\\\/image\\\/\"},\"sameAs\":[\"https:\\\/\\\/es-es.facebook.com\\\/people\\\/IES-Jose-Miguel-Barandiaran\\\/100066301578752\\\/\",\"https:\\\/\\\/www.instagram.com\\\/barandiaran_bhi\\\/\"]},{\"@type\":\"Person\",\"@id\":\"https:\\\/\\\/institutobarandiaran.com\\\/es\\\/#\\\/schema\\\/person\\\/ee9f6451580c28bc9a6be1df2eddc805\",\"name\":\"komunika\",\"image\":{\"@type\":\"ImageObject\",\"inLanguage\":\"es\",\"@id\":\"https:\\\/\\\/secure.gravatar.com\\\/avatar\\\/a22f2ac29ef785448617c06f66acb86e91041eb5ff01e3e6145cdc0af3989762?s=96&d=mm&r=g\",\"url\":\"https:\\\/\\\/secure.gravatar.com\\\/avatar\\\/a22f2ac29ef785448617c06f66acb86e91041eb5ff01e3e6145cdc0af3989762?s=96&d=mm&r=g\",\"contentUrl\":\"https:\\\/\\\/secure.gravatar.com\\\/avatar\\\/a22f2ac29ef785448617c06f66acb86e91041eb5ff01e3e6145cdc0af3989762?s=96&d=mm&r=g\",\"caption\":\"komunika\"},\"sameAs\":[\"http:\\\/\\\/institutobarandiaran.com\"],\"url\":\"https:\\\/\\\/institutobarandiaran.com\\\/es\\\/author\\\/komunika\\\/\"}]}<\/script>\n<!-- \/ Yoast SEO plugin. -->","yoast_head_json":{"title":"EL INSTITUTO BARANDIAR\u00c1N PARTICIP\u00d3 EN UNA SESI\u00d3N DE EUROSCOLA CELEBRADA EN SU SEDE EN ESTRASBURGO - IES Jose Miguel Barandiaran - Leioa - Instituto de Ense\u00f1anza Secundaria - Bizkaia","robots":{"index":"index","follow":"follow","max-snippet":"max-snippet:-1","max-image-preview":"max-image-preview:large","max-video-preview":"max-video-preview:-1"},"canonical":"https:\/\/institutobarandiaran.com\/es\/el-instituto-barandiaran-pudo-participar-en-una-sesion-de-euroscola-celebrada-en-su-sede-en-estrasburgo\/","og_locale":"es_ES","og_type":"article","og_title":"EL INSTITUTO BARANDIAR\u00c1N PARTICIP\u00d3 EN UNA SESI\u00d3N DE EUROSCOLA CELEBRADA EN SU SEDE EN ESTRASBURGO - IES Jose Miguel Barandiaran - Leioa - Instituto de Ense\u00f1anza Secundaria - Bizkaia","og_url":"https:\/\/institutobarandiaran.com\/es\/el-instituto-barandiaran-pudo-participar-en-una-sesion-de-euroscola-celebrada-en-su-sede-en-estrasburgo\/","og_site_name":"IES Jose Miguel Barandiaran - Leioa - Instituto de Ense\u00f1anza Secundaria - Bizkaia","article_publisher":"https:\/\/es-es.facebook.com\/people\/IES-Jose-Miguel-Barandiaran\/100066301578752\/","article_published_time":"2025-12-17T00:00:00+00:00","article_modified_time":"2026-01-22T13:24:30+00:00","og_image":[{"width":1490,"height":1236,"url":"https:\/\/institutobarandiaran.com\/wp-content\/uploads\/2025\/12\/euroscola.jpg","type":"image\/jpeg"}],"author":"komunika","twitter_card":"summary_large_image","twitter_misc":{"Escrito por":"komunika","Tiempo de lectura":"1 minuto"},"schema":{"@context":"https:\/\/schema.org","@graph":[{"@type":"Article","@id":"https:\/\/institutobarandiaran.com\/es\/el-instituto-barandiaran-pudo-participar-en-una-sesion-de-euroscola-celebrada-en-su-sede-en-estrasburgo\/#article","isPartOf":{"@id":"https:\/\/institutobarandiaran.com\/es\/el-instituto-barandiaran-pudo-participar-en-una-sesion-de-euroscola-celebrada-en-su-sede-en-estrasburgo\/"},"author":{"name":"komunika","@id":"https:\/\/institutobarandiaran.com\/es\/#\/schema\/person\/ee9f6451580c28bc9a6be1df2eddc805"},"headline":"EL INSTITUTO BARANDIAR\u00c1N PARTICIP\u00d3 EN UNA SESI\u00d3N DE EUROSCOLA CELEBRADA EN SU SEDE EN ESTRASBURGO","datePublished":"2025-12-17T00:00:00+00:00","dateModified":"2026-01-22T13:24:30+00:00","mainEntityOfPage":{"@id":"https:\/\/institutobarandiaran.com\/es\/el-instituto-barandiaran-pudo-participar-en-una-sesion-de-euroscola-celebrada-en-su-sede-en-estrasburgo\/"},"wordCount":155,"publisher":{"@id":"https:\/\/institutobarandiaran.com\/es\/#organization"},"image":{"@id":"https:\/\/institutobarandiaran.com\/es\/el-instituto-barandiaran-pudo-participar-en-una-sesion-de-euroscola-celebrada-en-su-sede-en-estrasburgo\/#primaryimage"},"thumbnailUrl":"https:\/\/institutobarandiaran.com\/wp-content\/uploads\/2025\/12\/euroscola.jpg","keywords":["Normal"],"articleSection":["EPAS"],"inLanguage":"es"},{"@type":"WebPage","@id":"https:\/\/institutobarandiaran.com\/es\/el-instituto-barandiaran-pudo-participar-en-una-sesion-de-euroscola-celebrada-en-su-sede-en-estrasburgo\/","url":"https:\/\/institutobarandiaran.com\/es\/el-instituto-barandiaran-pudo-participar-en-una-sesion-de-euroscola-celebrada-en-su-sede-en-estrasburgo\/","name":"EL INSTITUTO BARANDIAR\u00c1N PARTICIP\u00d3 EN UNA SESI\u00d3N DE EUROSCOLA CELEBRADA EN SU SEDE EN ESTRASBURGO - IES Jose Miguel Barandiaran - Leioa - Instituto de Ense\u00f1anza Secundaria - Bizkaia","isPartOf":{"@id":"https:\/\/institutobarandiaran.com\/es\/#website"},"primaryImageOfPage":{"@id":"https:\/\/institutobarandiaran.com\/es\/el-instituto-barandiaran-pudo-participar-en-una-sesion-de-euroscola-celebrada-en-su-sede-en-estrasburgo\/#primaryimage"},"image":{"@id":"https:\/\/institutobarandiaran.com\/es\/el-instituto-barandiaran-pudo-participar-en-una-sesion-de-euroscola-celebrada-en-su-sede-en-estrasburgo\/#primaryimage"},"thumbnailUrl":"https:\/\/institutobarandiaran.com\/wp-content\/uploads\/2025\/12\/euroscola.jpg","datePublished":"2025-12-17T00:00:00+00:00","dateModified":"2026-01-22T13:24:30+00:00","breadcrumb":{"@id":"https:\/\/institutobarandiaran.com\/es\/el-instituto-barandiaran-pudo-participar-en-una-sesion-de-euroscola-celebrada-en-su-sede-en-estrasburgo\/#breadcrumb"},"inLanguage":"es","potentialAction":[{"@type":"ReadAction","target":["https:\/\/institutobarandiaran.com\/es\/el-instituto-barandiaran-pudo-participar-en-una-sesion-de-euroscola-celebrada-en-su-sede-en-estrasburgo\/"]}]},{"@type":"ImageObject","inLanguage":"es","@id":"https:\/\/institutobarandiaran.com\/es\/el-instituto-barandiaran-pudo-participar-en-una-sesion-de-euroscola-celebrada-en-su-sede-en-estrasburgo\/#primaryimage","url":"https:\/\/institutobarandiaran.com\/wp-content\/uploads\/2025\/12\/euroscola.jpg","contentUrl":"https:\/\/institutobarandiaran.com\/wp-content\/uploads\/2025\/12\/euroscola.jpg","width":1490,"height":1236},{"@type":"BreadcrumbList","@id":"https:\/\/institutobarandiaran.com\/es\/el-instituto-barandiaran-pudo-participar-en-una-sesion-de-euroscola-celebrada-en-su-sede-en-estrasburgo\/#breadcrumb","itemListElement":[{"@type":"ListItem","position":1,"name":"Portada","item":"https:\/\/institutobarandiaran.com\/es\/"},{"@type":"ListItem","position":2,"name":"EL INSTITUTO BARANDIAR\u00c1N PARTICIP\u00d3 EN UNA SESI\u00d3N DE EUROSCOLA CELEBRADA EN SU SEDE EN ESTRASBURGO"}]},{"@type":"WebSite","@id":"https:\/\/institutobarandiaran.com\/es\/#website","url":"https:\/\/institutobarandiaran.com\/es\/","name":"IES Jose Miguel Barandiaran - Leioa - Instituto de Ense\u00f1anza Secundaria - Bizkaia","description":"Otro sitio realizado con WordPress","publisher":{"@id":"https:\/\/institutobarandiaran.com\/es\/#organization"},"alternateName":"IES Jose Miguel Barandiaran - Leioa","potentialAction":[{"@type":"SearchAction","target":{"@type":"EntryPoint","urlTemplate":"https:\/\/institutobarandiaran.com\/es\/?s={search_term_string}"},"query-input":{"@type":"PropertyValueSpecification","valueRequired":true,"valueName":"search_term_string"}}],"inLanguage":"es"},{"@type":"Organization","@id":"https:\/\/institutobarandiaran.com\/es\/#organization","name":"IES Jose Miguel Barandiaran - Leioa - Instituto de Ense\u00f1anza Secundaria - Bizkaia","alternateName":"IES Jose Miguel Barandiaran","url":"https:\/\/institutobarandiaran.com\/es\/","logo":{"@type":"ImageObject","inLanguage":"es","@id":"https:\/\/institutobarandiaran.com\/es\/#\/schema\/logo\/image\/","url":"https:\/\/institutobarandiaran.com\/wp-content\/uploads\/2022\/10\/logo_barandiaran_color.png","contentUrl":"https:\/\/institutobarandiaran.com\/wp-content\/uploads\/2022\/10\/logo_barandiaran_color.png","width":386,"height":164,"caption":"IES Jose Miguel Barandiaran - Leioa - Instituto de Ense\u00f1anza Secundaria - Bizkaia"},"image":{"@id":"https:\/\/institutobarandiaran.com\/es\/#\/schema\/logo\/image\/"},"sameAs":["https:\/\/es-es.facebook.com\/people\/IES-Jose-Miguel-Barandiaran\/100066301578752\/","https:\/\/www.instagram.com\/barandiaran_bhi\/"]},{"@type":"Person","@id":"https:\/\/institutobarandiaran.com\/es\/#\/schema\/person\/ee9f6451580c28bc9a6be1df2eddc805","name":"komunika","image":{"@type":"ImageObject","inLanguage":"es","@id":"https:\/\/secure.gravatar.com\/avatar\/a22f2ac29ef785448617c06f66acb86e91041eb5ff01e3e6145cdc0af3989762?s=96&d=mm&r=g","url":"https:\/\/secure.gravatar.com\/avatar\/a22f2ac29ef785448617c06f66acb86e91041eb5ff01e3e6145cdc0af3989762?s=96&d=mm&r=g","contentUrl":"https:\/\/secure.gravatar.com\/avatar\/a22f2ac29ef785448617c06f66acb86e91041eb5ff01e3e6145cdc0af3989762?s=96&d=mm&r=g","caption":"komunika"},"sameAs":["http:\/\/institutobarandiaran.com"],"url":"https:\/\/institutobarandiaran.com\/es\/author\/komunika\/"}]}},"_links":{"self":[{"href":"https:\/\/institutobarandiaran.com\/es\/wp-json\/wp\/v2\/posts\/9599","targetHints":{"allow":["GET"]}}],"collection":[{"href":"https:\/\/institutobarandiaran.com\/es\/wp-json\/wp\/v2\/posts"}],"about":[{"href":"https:\/\/institutobarandiaran.com\/es\/wp-json\/wp\/v2\/types\/post"}],"author":[{"embeddable":true,"href":"https:\/\/institutobarandiaran.com\/es\/wp-json\/wp\/v2\/users\/1"}],"replies":[{"embeddable":true,"href":"https:\/\/institutobarandiaran.com\/es\/wp-json\/wp\/v2\/comments?post=9599"}],"version-history":[{"count":5,"href":"https:\/\/institutobarandiaran.com\/es\/wp-json\/wp\/v2\/posts\/9599\/revisions"}],"predecessor-version":[{"id":9729,"href":"https:\/\/institutobarandiaran.com\/es\/wp-json\/wp\/v2\/posts\/9599\/revisions\/9729"}],"wp:featuredmedia":[{"embeddable":true,"href":"https:\/\/institutobarandiaran.com\/es\/wp-json\/wp\/v2\/media\/9597"}],"wp:attachment":[{"href":"https:\/\/institutobarandiaran.com\/es\/wp-json\/wp\/v2\/media?parent=9599"}],"wp:term":[{"taxonomy":"category","embeddable":true,"href":"https:\/\/institutobarandiaran.com\/es\/wp-json\/wp\/v2\/categories?post=9599"},{"taxonomy":"post_tag","embeddable":true,"href":"https:\/\/institutobarandiaran.com\/es\/wp-json\/wp\/v2\/tags?post=9599"},{"taxonomy":"post_series","embeddable":true,"href":"https:\/\/institutobarandiaran.com\/es\/wp-json\/wp\/v2\/post_series?post=9599"}],"curies":[{"name":"wp","href":"https:\/\/api.w.org\/{rel}","templated":true}]}}