{"id":9545,"date":"2025-10-20T00:00:00","date_gmt":"2025-10-20T00:00:00","guid":{"rendered":"https:\/\/institutobarandiaran.com\/la-semana-pasada-celebrabamos-en-toda-europa-los-dias-erasmusdays\/"},"modified":"2025-10-20T09:02:09","modified_gmt":"2025-10-20T09:02:09","slug":"la-semana-pasada-celebrabamos-en-toda-europa-los-dias-erasmusdays","status":"publish","type":"post","link":"https:\/\/institutobarandiaran.com\/es\/la-semana-pasada-celebrabamos-en-toda-europa-los-dias-erasmusdays\/","title":{"rendered":"LA SEMANA PASADA CELEBR\u00c1BAMOS EN TODA EUROPA LOS D\u00cdAS ERASMUSDAYS"},"content":{"rendered":"<div class=\"wpb-content-wrapper\"><div class=\"vc_row wpb_row vc_row-fluid\"><div class=\"wpb_column vc_column_container vc_col-sm-12\"><div class=\"vc_column-inner vc_custom_1650882373253\"><div class=\"wpb_wrapper\">\n\t<div class=\"wpb_text_column wpb_content_element\" >\n\t\t<div class=\"wpb_wrapper\">\n\t\t\t<figure class=\"wp-block-embed wp-block-embed-youtube is-type-video is-provider-youtube epyt-figure\"><div class=\"wp-block-embed__wrapper\"><div class=\"epyt-video-wrapper\"><iframe loading=\"lazy\"  style=\"display: block; margin: 0px auto;\"  id=\"_ytid_72897\"  width=\"980\" height=\"551\"  data-origwidth=\"980\" data-origheight=\"551\" src=\"https:\/\/www.youtube.com\/embed\/BkIvuOaI5o8?enablejsapi=1&autoplay=0&cc_load_policy=0&cc_lang_pref=&iv_load_policy=1&loop=0&rel=1&fs=1&playsinline=1&autohide=2&theme=dark&color=red&controls=1&disablekb=0&\" class=\"__youtube_prefs__  no-lazyload\" title=\"YouTube player\"  allow=\"fullscreen; accelerometer; autoplay; clipboard-write; encrypted-media; gyroscope; picture-in-picture; web-share\" referrerpolicy=\"strict-origin-when-cross-origin\" allowfullscreen data-no-lazy=\"1\" data-skipgform_ajax_framebjll=\"\"><\/iframe><\/div><\/div><\/figure>\n\n\t\t<\/div>\n\t<\/div>\n\n\t<div class=\"wpb_text_column wpb_content_element\" >\n\t\t<div class=\"wpb_wrapper\">\n\t\t\t<h5 class=\"tit_noti_documentos\">Enlaces y documentos<\/h5>\n\n\t\t<\/div>\n\t<\/div>\n<\/div><\/div><\/div><\/div><div class=\"vc_row wpb_row vc_row-fluid\"><div class=\"wpb_column vc_column_container vc_col-sm-12\"><div class=\"vc_column-inner\"><div class=\"wpb_wrapper\"><div class=\"uavc-list-icon uavc-list-icon-wrapper ult-adjust-bottom-margin   vc_custom_1672733995513  vc_custom_1672733995513\"><ul class=\"uavc-list\"><\/ul><\/div><\/div><\/div><\/div><\/div><div class=\"vc_row wpb_row vc_row-fluid\"><div class=\"wpb_column vc_column_container vc_col-sm-12\"><div class=\"vc_column-inner\"><div class=\"wpb_wrapper\"><div class=\"uavc-list-icon uavc-list-icon-wrapper ult-adjust-bottom-margin   vc_custom_1672734002448  vc_custom_1672734002448\"><ul class=\"uavc-list\"><\/ul><\/div><\/div><\/div><\/div><\/div>\n<\/div>","protected":false},"excerpt":{"rendered":"Enlaces y documentos","protected":false},"author":1,"featured_media":9543,"comment_status":"closed","ping_status":"","sticky":false,"template":"","format":"standard","meta":{"_acf_changed":false,"_settagord":"25","footnotes":""},"categories":[27],"tags":[25],"post_series":[],"class_list":["post-9545","post","type-post","status-publish","format-standard","has-post-thumbnail","hentry","category-erasmus","tag-normal","entry","has-media"],"acf":[],"yoast_head":"<!-- This site is optimized with the Yoast SEO plugin v27.4 - https:\/\/yoast.com\/product\/yoast-seo-wordpress\/ -->\n<title>LA SEMANA PASADA CELEBR\u00c1BAMOS EN TODA EUROPA LOS D\u00cdAS ERASMUSDAYS - IES Jose Miguel Barandiaran - Leioa - Instituto de Ense\u00f1anza Secundaria - Bizkaia<\/title>\n<meta name=\"robots\" content=\"index, follow, max-snippet:-1, max-image-preview:large, max-video-preview:-1\" \/>\n<link rel=\"canonical\" href=\"https:\/\/institutobarandiaran.com\/es\/la-semana-pasada-celebrabamos-en-toda-europa-los-dias-erasmusdays\/\" \/>\n<meta property=\"og:locale\" content=\"es_ES\" \/>\n<meta property=\"og:type\" content=\"article\" \/>\n<meta property=\"og:title\" content=\"LA SEMANA PASADA CELEBR\u00c1BAMOS EN TODA EUROPA LOS D\u00cdAS ERASMUSDAYS - IES Jose Miguel Barandiaran - Leioa - Instituto de Ense\u00f1anza Secundaria - Bizkaia\" \/>\n<meta property=\"og:url\" content=\"https:\/\/institutobarandiaran.com\/es\/la-semana-pasada-celebrabamos-en-toda-europa-los-dias-erasmusdays\/\" \/>\n<meta property=\"og:site_name\" content=\"IES Jose Miguel Barandiaran - Leioa - Instituto de Ense\u00f1anza Secundaria - Bizkaia\" \/>\n<meta property=\"article:publisher\" content=\"https:\/\/es-es.facebook.com\/people\/IES-Jose-Miguel-Barandiaran\/100066301578752\/\" \/>\n<meta property=\"article:published_time\" content=\"2025-10-20T00:00:00+00:00\" \/>\n<meta property=\"article:modified_time\" content=\"2025-10-20T09:02:09+00:00\" \/>\n<meta property=\"og:image\" content=\"https:\/\/institutobarandiaran.com\/wp-content\/uploads\/2025\/10\/erasmusdays.jpg\" \/>\n\t<meta property=\"og:image:width\" content=\"2522\" \/>\n\t<meta property=\"og:image:height\" content=\"1406\" \/>\n\t<meta property=\"og:image:type\" content=\"image\/jpeg\" \/>\n<meta name=\"author\" content=\"komunika\" \/>\n<meta name=\"twitter:card\" content=\"summary_large_image\" \/>\n<meta name=\"twitter:label1\" content=\"Escrito por\" \/>\n\t<meta name=\"twitter:data1\" content=\"komunika\" \/>\n\t<meta name=\"twitter:label2\" content=\"Tiempo de lectura\" \/>\n\t<meta name=\"twitter:data2\" content=\"1 minuto\" \/>\n<script type=\"application\/ld+json\" class=\"yoast-schema-graph\">{\"@context\":\"https:\\\/\\\/schema.org\",\"@graph\":[{\"@type\":\"Article\",\"@id\":\"https:\\\/\\\/institutobarandiaran.com\\\/es\\\/la-semana-pasada-celebrabamos-en-toda-europa-los-dias-erasmusdays\\\/#article\",\"isPartOf\":{\"@id\":\"https:\\\/\\\/institutobarandiaran.com\\\/es\\\/la-semana-pasada-celebrabamos-en-toda-europa-los-dias-erasmusdays\\\/\"},\"author\":{\"name\":\"komunika\",\"@id\":\"https:\\\/\\\/institutobarandiaran.com\\\/es\\\/#\\\/schema\\\/person\\\/ee9f6451580c28bc9a6be1df2eddc805\"},\"headline\":\"LA SEMANA PASADA CELEBR\u00c1BAMOS EN TODA EUROPA LOS D\u00cdAS ERASMUSDAYS\",\"datePublished\":\"2025-10-20T00:00:00+00:00\",\"dateModified\":\"2025-10-20T09:02:09+00:00\",\"mainEntityOfPage\":{\"@id\":\"https:\\\/\\\/institutobarandiaran.com\\\/es\\\/la-semana-pasada-celebrabamos-en-toda-europa-los-dias-erasmusdays\\\/\"},\"wordCount\":118,\"publisher\":{\"@id\":\"https:\\\/\\\/institutobarandiaran.com\\\/es\\\/#organization\"},\"image\":{\"@id\":\"https:\\\/\\\/institutobarandiaran.com\\\/es\\\/la-semana-pasada-celebrabamos-en-toda-europa-los-dias-erasmusdays\\\/#primaryimage\"},\"thumbnailUrl\":\"https:\\\/\\\/institutobarandiaran.com\\\/wp-content\\\/uploads\\\/2025\\\/10\\\/erasmusdays.jpg\",\"keywords\":[\"Normal\"],\"articleSection\":[\"Erasmus+\"],\"inLanguage\":\"es\"},{\"@type\":\"WebPage\",\"@id\":\"https:\\\/\\\/institutobarandiaran.com\\\/es\\\/la-semana-pasada-celebrabamos-en-toda-europa-los-dias-erasmusdays\\\/\",\"url\":\"https:\\\/\\\/institutobarandiaran.com\\\/es\\\/la-semana-pasada-celebrabamos-en-toda-europa-los-dias-erasmusdays\\\/\",\"name\":\"LA SEMANA PASADA CELEBR\u00c1BAMOS EN TODA EUROPA LOS D\u00cdAS ERASMUSDAYS - IES Jose Miguel Barandiaran - Leioa - Instituto de Ense\u00f1anza Secundaria - Bizkaia\",\"isPartOf\":{\"@id\":\"https:\\\/\\\/institutobarandiaran.com\\\/es\\\/#website\"},\"primaryImageOfPage\":{\"@id\":\"https:\\\/\\\/institutobarandiaran.com\\\/es\\\/la-semana-pasada-celebrabamos-en-toda-europa-los-dias-erasmusdays\\\/#primaryimage\"},\"image\":{\"@id\":\"https:\\\/\\\/institutobarandiaran.com\\\/es\\\/la-semana-pasada-celebrabamos-en-toda-europa-los-dias-erasmusdays\\\/#primaryimage\"},\"thumbnailUrl\":\"https:\\\/\\\/institutobarandiaran.com\\\/wp-content\\\/uploads\\\/2025\\\/10\\\/erasmusdays.jpg\",\"datePublished\":\"2025-10-20T00:00:00+00:00\",\"dateModified\":\"2025-10-20T09:02:09+00:00\",\"breadcrumb\":{\"@id\":\"https:\\\/\\\/institutobarandiaran.com\\\/es\\\/la-semana-pasada-celebrabamos-en-toda-europa-los-dias-erasmusdays\\\/#breadcrumb\"},\"inLanguage\":\"es\",\"potentialAction\":[{\"@type\":\"ReadAction\",\"target\":[\"https:\\\/\\\/institutobarandiaran.com\\\/es\\\/la-semana-pasada-celebrabamos-en-toda-europa-los-dias-erasmusdays\\\/\"]}]},{\"@type\":\"ImageObject\",\"inLanguage\":\"es\",\"@id\":\"https:\\\/\\\/institutobarandiaran.com\\\/es\\\/la-semana-pasada-celebrabamos-en-toda-europa-los-dias-erasmusdays\\\/#primaryimage\",\"url\":\"https:\\\/\\\/institutobarandiaran.com\\\/wp-content\\\/uploads\\\/2025\\\/10\\\/erasmusdays.jpg\",\"contentUrl\":\"https:\\\/\\\/institutobarandiaran.com\\\/wp-content\\\/uploads\\\/2025\\\/10\\\/erasmusdays.jpg\",\"width\":2522,\"height\":1406},{\"@type\":\"BreadcrumbList\",\"@id\":\"https:\\\/\\\/institutobarandiaran.com\\\/es\\\/la-semana-pasada-celebrabamos-en-toda-europa-los-dias-erasmusdays\\\/#breadcrumb\",\"itemListElement\":[{\"@type\":\"ListItem\",\"position\":1,\"name\":\"Portada\",\"item\":\"https:\\\/\\\/institutobarandiaran.com\\\/es\\\/\"},{\"@type\":\"ListItem\",\"position\":2,\"name\":\"LA SEMANA PASADA CELEBR\u00c1BAMOS EN TODA EUROPA LOS D\u00cdAS ERASMUSDAYS\"}]},{\"@type\":\"WebSite\",\"@id\":\"https:\\\/\\\/institutobarandiaran.com\\\/es\\\/#website\",\"url\":\"https:\\\/\\\/institutobarandiaran.com\\\/es\\\/\",\"name\":\"IES Jose Miguel Barandiaran - Leioa - Instituto de Ense\u00f1anza Secundaria - Bizkaia\",\"description\":\"Otro sitio realizado con WordPress\",\"publisher\":{\"@id\":\"https:\\\/\\\/institutobarandiaran.com\\\/es\\\/#organization\"},\"alternateName\":\"IES Jose Miguel Barandiaran - Leioa\",\"potentialAction\":[{\"@type\":\"SearchAction\",\"target\":{\"@type\":\"EntryPoint\",\"urlTemplate\":\"https:\\\/\\\/institutobarandiaran.com\\\/es\\\/?s={search_term_string}\"},\"query-input\":{\"@type\":\"PropertyValueSpecification\",\"valueRequired\":true,\"valueName\":\"search_term_string\"}}],\"inLanguage\":\"es\"},{\"@type\":\"Organization\",\"@id\":\"https:\\\/\\\/institutobarandiaran.com\\\/es\\\/#organization\",\"name\":\"IES Jose Miguel Barandiaran - Leioa - Instituto de Ense\u00f1anza Secundaria - Bizkaia\",\"alternateName\":\"IES Jose Miguel Barandiaran\",\"url\":\"https:\\\/\\\/institutobarandiaran.com\\\/es\\\/\",\"logo\":{\"@type\":\"ImageObject\",\"inLanguage\":\"es\",\"@id\":\"https:\\\/\\\/institutobarandiaran.com\\\/es\\\/#\\\/schema\\\/logo\\\/image\\\/\",\"url\":\"https:\\\/\\\/institutobarandiaran.com\\\/wp-content\\\/uploads\\\/2022\\\/10\\\/logo_barandiaran_color.png\",\"contentUrl\":\"https:\\\/\\\/institutobarandiaran.com\\\/wp-content\\\/uploads\\\/2022\\\/10\\\/logo_barandiaran_color.png\",\"width\":386,\"height\":164,\"caption\":\"IES Jose Miguel Barandiaran - Leioa - Instituto de Ense\u00f1anza Secundaria - Bizkaia\"},\"image\":{\"@id\":\"https:\\\/\\\/institutobarandiaran.com\\\/es\\\/#\\\/schema\\\/logo\\\/image\\\/\"},\"sameAs\":[\"https:\\\/\\\/es-es.facebook.com\\\/people\\\/IES-Jose-Miguel-Barandiaran\\\/100066301578752\\\/\",\"https:\\\/\\\/www.instagram.com\\\/barandiaran_bhi\\\/\"]},{\"@type\":\"Person\",\"@id\":\"https:\\\/\\\/institutobarandiaran.com\\\/es\\\/#\\\/schema\\\/person\\\/ee9f6451580c28bc9a6be1df2eddc805\",\"name\":\"komunika\",\"image\":{\"@type\":\"ImageObject\",\"inLanguage\":\"es\",\"@id\":\"https:\\\/\\\/secure.gravatar.com\\\/avatar\\\/a22f2ac29ef785448617c06f66acb86e91041eb5ff01e3e6145cdc0af3989762?s=96&d=mm&r=g\",\"url\":\"https:\\\/\\\/secure.gravatar.com\\\/avatar\\\/a22f2ac29ef785448617c06f66acb86e91041eb5ff01e3e6145cdc0af3989762?s=96&d=mm&r=g\",\"contentUrl\":\"https:\\\/\\\/secure.gravatar.com\\\/avatar\\\/a22f2ac29ef785448617c06f66acb86e91041eb5ff01e3e6145cdc0af3989762?s=96&d=mm&r=g\",\"caption\":\"komunika\"},\"sameAs\":[\"http:\\\/\\\/institutobarandiaran.com\"],\"url\":\"https:\\\/\\\/institutobarandiaran.com\\\/es\\\/author\\\/komunika\\\/\"}]}<\/script>\n<!-- \/ Yoast SEO plugin. -->","yoast_head_json":{"title":"LA SEMANA PASADA CELEBR\u00c1BAMOS EN TODA EUROPA LOS D\u00cdAS ERASMUSDAYS - IES Jose Miguel Barandiaran - Leioa - Instituto de Ense\u00f1anza Secundaria - Bizkaia","robots":{"index":"index","follow":"follow","max-snippet":"max-snippet:-1","max-image-preview":"max-image-preview:large","max-video-preview":"max-video-preview:-1"},"canonical":"https:\/\/institutobarandiaran.com\/es\/la-semana-pasada-celebrabamos-en-toda-europa-los-dias-erasmusdays\/","og_locale":"es_ES","og_type":"article","og_title":"LA SEMANA PASADA CELEBR\u00c1BAMOS EN TODA EUROPA LOS D\u00cdAS ERASMUSDAYS - IES Jose Miguel Barandiaran - Leioa - Instituto de Ense\u00f1anza Secundaria - Bizkaia","og_url":"https:\/\/institutobarandiaran.com\/es\/la-semana-pasada-celebrabamos-en-toda-europa-los-dias-erasmusdays\/","og_site_name":"IES Jose Miguel Barandiaran - Leioa - Instituto de Ense\u00f1anza Secundaria - Bizkaia","article_publisher":"https:\/\/es-es.facebook.com\/people\/IES-Jose-Miguel-Barandiaran\/100066301578752\/","article_published_time":"2025-10-20T00:00:00+00:00","article_modified_time":"2025-10-20T09:02:09+00:00","og_image":[{"width":2522,"height":1406,"url":"https:\/\/institutobarandiaran.com\/wp-content\/uploads\/2025\/10\/erasmusdays.jpg","type":"image\/jpeg"}],"author":"komunika","twitter_card":"summary_large_image","twitter_misc":{"Escrito por":"komunika","Tiempo de lectura":"1 minuto"},"schema":{"@context":"https:\/\/schema.org","@graph":[{"@type":"Article","@id":"https:\/\/institutobarandiaran.com\/es\/la-semana-pasada-celebrabamos-en-toda-europa-los-dias-erasmusdays\/#article","isPartOf":{"@id":"https:\/\/institutobarandiaran.com\/es\/la-semana-pasada-celebrabamos-en-toda-europa-los-dias-erasmusdays\/"},"author":{"name":"komunika","@id":"https:\/\/institutobarandiaran.com\/es\/#\/schema\/person\/ee9f6451580c28bc9a6be1df2eddc805"},"headline":"LA SEMANA PASADA CELEBR\u00c1BAMOS EN TODA EUROPA LOS D\u00cdAS ERASMUSDAYS","datePublished":"2025-10-20T00:00:00+00:00","dateModified":"2025-10-20T09:02:09+00:00","mainEntityOfPage":{"@id":"https:\/\/institutobarandiaran.com\/es\/la-semana-pasada-celebrabamos-en-toda-europa-los-dias-erasmusdays\/"},"wordCount":118,"publisher":{"@id":"https:\/\/institutobarandiaran.com\/es\/#organization"},"image":{"@id":"https:\/\/institutobarandiaran.com\/es\/la-semana-pasada-celebrabamos-en-toda-europa-los-dias-erasmusdays\/#primaryimage"},"thumbnailUrl":"https:\/\/institutobarandiaran.com\/wp-content\/uploads\/2025\/10\/erasmusdays.jpg","keywords":["Normal"],"articleSection":["Erasmus+"],"inLanguage":"es"},{"@type":"WebPage","@id":"https:\/\/institutobarandiaran.com\/es\/la-semana-pasada-celebrabamos-en-toda-europa-los-dias-erasmusdays\/","url":"https:\/\/institutobarandiaran.com\/es\/la-semana-pasada-celebrabamos-en-toda-europa-los-dias-erasmusdays\/","name":"LA SEMANA PASADA CELEBR\u00c1BAMOS EN TODA EUROPA LOS D\u00cdAS ERASMUSDAYS - IES Jose Miguel Barandiaran - Leioa - Instituto de Ense\u00f1anza Secundaria - Bizkaia","isPartOf":{"@id":"https:\/\/institutobarandiaran.com\/es\/#website"},"primaryImageOfPage":{"@id":"https:\/\/institutobarandiaran.com\/es\/la-semana-pasada-celebrabamos-en-toda-europa-los-dias-erasmusdays\/#primaryimage"},"image":{"@id":"https:\/\/institutobarandiaran.com\/es\/la-semana-pasada-celebrabamos-en-toda-europa-los-dias-erasmusdays\/#primaryimage"},"thumbnailUrl":"https:\/\/institutobarandiaran.com\/wp-content\/uploads\/2025\/10\/erasmusdays.jpg","datePublished":"2025-10-20T00:00:00+00:00","dateModified":"2025-10-20T09:02:09+00:00","breadcrumb":{"@id":"https:\/\/institutobarandiaran.com\/es\/la-semana-pasada-celebrabamos-en-toda-europa-los-dias-erasmusdays\/#breadcrumb"},"inLanguage":"es","potentialAction":[{"@type":"ReadAction","target":["https:\/\/institutobarandiaran.com\/es\/la-semana-pasada-celebrabamos-en-toda-europa-los-dias-erasmusdays\/"]}]},{"@type":"ImageObject","inLanguage":"es","@id":"https:\/\/institutobarandiaran.com\/es\/la-semana-pasada-celebrabamos-en-toda-europa-los-dias-erasmusdays\/#primaryimage","url":"https:\/\/institutobarandiaran.com\/wp-content\/uploads\/2025\/10\/erasmusdays.jpg","contentUrl":"https:\/\/institutobarandiaran.com\/wp-content\/uploads\/2025\/10\/erasmusdays.jpg","width":2522,"height":1406},{"@type":"BreadcrumbList","@id":"https:\/\/institutobarandiaran.com\/es\/la-semana-pasada-celebrabamos-en-toda-europa-los-dias-erasmusdays\/#breadcrumb","itemListElement":[{"@type":"ListItem","position":1,"name":"Portada","item":"https:\/\/institutobarandiaran.com\/es\/"},{"@type":"ListItem","position":2,"name":"LA SEMANA PASADA CELEBR\u00c1BAMOS EN TODA EUROPA LOS D\u00cdAS ERASMUSDAYS"}]},{"@type":"WebSite","@id":"https:\/\/institutobarandiaran.com\/es\/#website","url":"https:\/\/institutobarandiaran.com\/es\/","name":"IES Jose Miguel Barandiaran - Leioa - Instituto de Ense\u00f1anza Secundaria - Bizkaia","description":"Otro sitio realizado con WordPress","publisher":{"@id":"https:\/\/institutobarandiaran.com\/es\/#organization"},"alternateName":"IES Jose Miguel Barandiaran - Leioa","potentialAction":[{"@type":"SearchAction","target":{"@type":"EntryPoint","urlTemplate":"https:\/\/institutobarandiaran.com\/es\/?s={search_term_string}"},"query-input":{"@type":"PropertyValueSpecification","valueRequired":true,"valueName":"search_term_string"}}],"inLanguage":"es"},{"@type":"Organization","@id":"https:\/\/institutobarandiaran.com\/es\/#organization","name":"IES Jose Miguel Barandiaran - Leioa - Instituto de Ense\u00f1anza Secundaria - Bizkaia","alternateName":"IES Jose Miguel Barandiaran","url":"https:\/\/institutobarandiaran.com\/es\/","logo":{"@type":"ImageObject","inLanguage":"es","@id":"https:\/\/institutobarandiaran.com\/es\/#\/schema\/logo\/image\/","url":"https:\/\/institutobarandiaran.com\/wp-content\/uploads\/2022\/10\/logo_barandiaran_color.png","contentUrl":"https:\/\/institutobarandiaran.com\/wp-content\/uploads\/2022\/10\/logo_barandiaran_color.png","width":386,"height":164,"caption":"IES Jose Miguel Barandiaran - Leioa - Instituto de Ense\u00f1anza Secundaria - Bizkaia"},"image":{"@id":"https:\/\/institutobarandiaran.com\/es\/#\/schema\/logo\/image\/"},"sameAs":["https:\/\/es-es.facebook.com\/people\/IES-Jose-Miguel-Barandiaran\/100066301578752\/","https:\/\/www.instagram.com\/barandiaran_bhi\/"]},{"@type":"Person","@id":"https:\/\/institutobarandiaran.com\/es\/#\/schema\/person\/ee9f6451580c28bc9a6be1df2eddc805","name":"komunika","image":{"@type":"ImageObject","inLanguage":"es","@id":"https:\/\/secure.gravatar.com\/avatar\/a22f2ac29ef785448617c06f66acb86e91041eb5ff01e3e6145cdc0af3989762?s=96&d=mm&r=g","url":"https:\/\/secure.gravatar.com\/avatar\/a22f2ac29ef785448617c06f66acb86e91041eb5ff01e3e6145cdc0af3989762?s=96&d=mm&r=g","contentUrl":"https:\/\/secure.gravatar.com\/avatar\/a22f2ac29ef785448617c06f66acb86e91041eb5ff01e3e6145cdc0af3989762?s=96&d=mm&r=g","caption":"komunika"},"sameAs":["http:\/\/institutobarandiaran.com"],"url":"https:\/\/institutobarandiaran.com\/es\/author\/komunika\/"}]}},"_links":{"self":[{"href":"https:\/\/institutobarandiaran.com\/es\/wp-json\/wp\/v2\/posts\/9545","targetHints":{"allow":["GET"]}}],"collection":[{"href":"https:\/\/institutobarandiaran.com\/es\/wp-json\/wp\/v2\/posts"}],"about":[{"href":"https:\/\/institutobarandiaran.com\/es\/wp-json\/wp\/v2\/types\/post"}],"author":[{"embeddable":true,"href":"https:\/\/institutobarandiaran.com\/es\/wp-json\/wp\/v2\/users\/1"}],"replies":[{"embeddable":true,"href":"https:\/\/institutobarandiaran.com\/es\/wp-json\/wp\/v2\/comments?post=9545"}],"version-history":[{"count":2,"href":"https:\/\/institutobarandiaran.com\/es\/wp-json\/wp\/v2\/posts\/9545\/revisions"}],"predecessor-version":[{"id":9559,"href":"https:\/\/institutobarandiaran.com\/es\/wp-json\/wp\/v2\/posts\/9545\/revisions\/9559"}],"wp:featuredmedia":[{"embeddable":true,"href":"https:\/\/institutobarandiaran.com\/es\/wp-json\/wp\/v2\/media\/9543"}],"wp:attachment":[{"href":"https:\/\/institutobarandiaran.com\/es\/wp-json\/wp\/v2\/media?parent=9545"}],"wp:term":[{"taxonomy":"category","embeddable":true,"href":"https:\/\/institutobarandiaran.com\/es\/wp-json\/wp\/v2\/categories?post=9545"},{"taxonomy":"post_tag","embeddable":true,"href":"https:\/\/institutobarandiaran.com\/es\/wp-json\/wp\/v2\/tags?post=9545"},{"taxonomy":"post_series","embeddable":true,"href":"https:\/\/institutobarandiaran.com\/es\/wp-json\/wp\/v2\/post_series?post=9545"}],"curies":[{"name":"wp","href":"https:\/\/api.w.org\/{rel}","templated":true}]}}