{"id":9428,"date":"2025-10-02T00:00:00","date_gmt":"2025-10-02T00:00:00","guid":{"rendered":"https:\/\/institutobarandiaran.com\/encuentro-de-escuelas-embajadoras-del-parlamento-europeo-epas-en-madrid\/"},"modified":"2025-10-08T08:08:37","modified_gmt":"2025-10-08T08:08:37","slug":"encuentro-de-escuelas-embajadoras-del-parlamento-europeo-epas-en-madrid","status":"publish","type":"post","link":"https:\/\/institutobarandiaran.com\/es\/encuentro-de-escuelas-embajadoras-del-parlamento-europeo-epas-en-madrid\/","title":{"rendered":"ENCUENTRO DE ESCUELAS EMBAJADORAS DEL PARLAMENTO EUROPEO (EPAS) EN MADRID"},"content":{"rendered":"<div class=\"wpb-content-wrapper\"><div class=\"vc_row wpb_row vc_row-fluid\"><div class=\"wpb_column vc_column_container vc_col-sm-12\"><div class=\"vc_column-inner vc_custom_1650882373253\"><div class=\"wpb_wrapper\">\n\t<div class=\"wpb_text_column wpb_content_element\" >\n\t\t<div class=\"wpb_wrapper\">\n\t\t\t<p>Del 22 al 24 de septiembre hemos asistido a las jornadas organizadas por el Parlamento Europeo en la Universidad de Alcal\u00e1 de Henares, en colaboraci\u00f3n con otros 127 centros del Estado. En esta formaci\u00f3n hemos participado los centros que seguimos el programa EPAS (European Parliament Ambassador Schools).<\/p>\n<p>Objetivo: Difundir la democracia y sus valores entre nuestros j\u00f3venes. Este programa requiere un gran compromiso por parte del alumnado, del profesorado y de toda la Comunidad Educativa. El proyecto ofrece a los alumnos una oportunidad \u00fanica, tanto dentro como fuera del aula, para conocer mejor la Uni\u00f3n Europea: instituciones, funcionamiento, europarlamentarios, acciones y, sobre todo, valores democr\u00e1ticos.<\/p>\n<p>Dentro de esta formaci\u00f3n los centros con experiencia en el programa EPAS han tenido la oportunidad de presentar sus \u00abbuenas pr\u00e1cticas\u00bb, es decir, los nuevos centros que se incorporan este a\u00f1o han podido ver las exitosas actividades realizadas en el centro: Cuento colaborativo, encuesta de calle en la UPV\/EHU&#8230; todos estos trabajos los ponen en marcha alumnos que han sido \u00abembajadores junior\u00bb, con la ayuda,claro est\u00e1, de \u00abembajadores senior\u00bb o dicho de otra manera, con la ayuda de sus profesores.<\/p>\n<p>Estos han sido los centros que han acudido desde Euskal Herria:<\/p>\n<p>Usandizaga BHI- Donostia<br \/>\nMungia BHI-Mungia<br \/>\nBerriotxoa ikastetxea:Bilbo<br \/>\nIgnacio Ellacuria-Zurbaran BHI-Bilbo<br \/>\nBarandiaran BHI-Leioa<br \/>\n<figure class=\"wp-block-embed wp-block-embed-youtube is-type-video is-provider-youtube epyt-figure\"><div class=\"wp-block-embed__wrapper\"><div class=\"epyt-video-wrapper\"><iframe loading=\"lazy\"  style=\"display: block; margin: 0px auto;\"  id=\"_ytid_49982\"  width=\"980\" height=\"551\"  data-origwidth=\"980\" data-origheight=\"551\" src=\"https:\/\/www.youtube.com\/embed\/9tyZx3yWAM8?enablejsapi=1&autoplay=0&cc_load_policy=0&cc_lang_pref=&iv_load_policy=1&loop=0&rel=1&fs=1&playsinline=1&autohide=2&theme=dark&color=red&controls=1&disablekb=0&\" class=\"__youtube_prefs__  no-lazyload\" title=\"YouTube player\"  allow=\"fullscreen; accelerometer; autoplay; clipboard-write; encrypted-media; gyroscope; picture-in-picture; web-share\" referrerpolicy=\"strict-origin-when-cross-origin\" allowfullscreen data-no-lazy=\"1\" data-skipgform_ajax_framebjll=\"\"><\/iframe><\/div><\/div><\/figure><\/p>\n\n\t\t<\/div>\n\t<\/div>\n\n\t<div class=\"wpb_text_column wpb_content_element\" >\n\t\t<div class=\"wpb_wrapper\">\n\t\t\t<h5 class=\"tit_noti_documentos\">Enlaces y documentos<\/h5>\n\n\t\t<\/div>\n\t<\/div>\n<\/div><\/div><\/div><\/div><div class=\"vc_row wpb_row vc_row-fluid\"><div class=\"wpb_column vc_column_container vc_col-sm-12\"><div class=\"vc_column-inner\"><div class=\"wpb_wrapper\"><div class=\"uavc-list-icon uavc-list-icon-wrapper ult-adjust-bottom-margin   vc_custom_1672733995513  vc_custom_1672733995513\"><ul class=\"uavc-list\"><\/ul><\/div><\/div><\/div><\/div><\/div><div class=\"vc_row wpb_row vc_row-fluid\"><div class=\"wpb_column vc_column_container vc_col-sm-12\"><div class=\"vc_column-inner\"><div class=\"wpb_wrapper\"><div class=\"uavc-list-icon uavc-list-icon-wrapper ult-adjust-bottom-margin   vc_custom_1672734002448  vc_custom_1672734002448\"><ul class=\"uavc-list\"><\/ul><\/div><\/div><\/div><\/div><\/div>\n<\/div>","protected":false},"excerpt":{"rendered":"Del 22 al 24 de septiembre hemos asistido a las jornadas organizadas por el Parlamento Europeo en la Universidad de Alcal\u00e1 de Henares, en colaboraci\u00f3n con otros 127 centros del Estado. En esta formaci\u00f3n hemos participado los centros que seguimos el programa EPAS (European Parliament Ambassador Schools). Objetivo: Difundir la democracia y sus valores entre&hellip;","protected":false},"author":1,"featured_media":9497,"comment_status":"closed","ping_status":"","sticky":false,"template":"","format":"standard","meta":{"_acf_changed":false,"_settagord":"25","footnotes":""},"categories":[69],"tags":[25],"post_series":[],"class_list":["post-9428","post","type-post","status-publish","format-standard","has-post-thumbnail","hentry","category-epas-es","tag-normal","entry","has-media"],"acf":[],"yoast_head":"<!-- This site is optimized with the Yoast SEO plugin v27.4 - https:\/\/yoast.com\/product\/yoast-seo-wordpress\/ -->\n<title>ENCUENTRO DE ESCUELAS EMBAJADORAS DEL PARLAMENTO EUROPEO (EPAS) EN MADRID - IES Jose Miguel Barandiaran - Leioa - Instituto de Ense\u00f1anza Secundaria - Bizkaia<\/title>\n<meta name=\"robots\" content=\"index, follow, max-snippet:-1, max-image-preview:large, max-video-preview:-1\" \/>\n<link rel=\"canonical\" href=\"https:\/\/institutobarandiaran.com\/es\/encuentro-de-escuelas-embajadoras-del-parlamento-europeo-epas-en-madrid\/\" \/>\n<meta property=\"og:locale\" content=\"es_ES\" \/>\n<meta property=\"og:type\" content=\"article\" \/>\n<meta property=\"og:title\" content=\"ENCUENTRO DE ESCUELAS EMBAJADORAS DEL PARLAMENTO EUROPEO (EPAS) EN MADRID - IES Jose Miguel Barandiaran - Leioa - Instituto de Ense\u00f1anza Secundaria - Bizkaia\" \/>\n<meta property=\"og:url\" content=\"https:\/\/institutobarandiaran.com\/es\/encuentro-de-escuelas-embajadoras-del-parlamento-europeo-epas-en-madrid\/\" \/>\n<meta property=\"og:site_name\" content=\"IES Jose Miguel Barandiaran - Leioa - Instituto de Ense\u00f1anza Secundaria - Bizkaia\" \/>\n<meta property=\"article:publisher\" content=\"https:\/\/es-es.facebook.com\/people\/IES-Jose-Miguel-Barandiaran\/100066301578752\/\" \/>\n<meta property=\"article:published_time\" content=\"2025-10-02T00:00:00+00:00\" \/>\n<meta property=\"article:modified_time\" content=\"2025-10-08T08:08:37+00:00\" \/>\n<meta property=\"og:image\" content=\"https:\/\/institutobarandiaran.com\/wp-content\/uploads\/2025\/10\/2_1758662191291.jpg\" \/>\n\t<meta property=\"og:image:width\" content=\"1600\" \/>\n\t<meta property=\"og:image:height\" content=\"1200\" \/>\n\t<meta property=\"og:image:type\" content=\"image\/jpeg\" \/>\n<meta name=\"author\" content=\"komunika\" \/>\n<meta name=\"twitter:card\" content=\"summary_large_image\" \/>\n<meta name=\"twitter:label1\" content=\"Escrito por\" \/>\n\t<meta name=\"twitter:data1\" content=\"komunika\" \/>\n\t<meta name=\"twitter:label2\" content=\"Tiempo de lectura\" \/>\n\t<meta name=\"twitter:data2\" content=\"2 minutos\" \/>\n<script type=\"application\/ld+json\" class=\"yoast-schema-graph\">{\"@context\":\"https:\\\/\\\/schema.org\",\"@graph\":[{\"@type\":\"Article\",\"@id\":\"https:\\\/\\\/institutobarandiaran.com\\\/es\\\/encuentro-de-escuelas-embajadoras-del-parlamento-europeo-epas-en-madrid\\\/#article\",\"isPartOf\":{\"@id\":\"https:\\\/\\\/institutobarandiaran.com\\\/es\\\/encuentro-de-escuelas-embajadoras-del-parlamento-europeo-epas-en-madrid\\\/\"},\"author\":{\"name\":\"komunika\",\"@id\":\"https:\\\/\\\/institutobarandiaran.com\\\/es\\\/#\\\/schema\\\/person\\\/ee9f6451580c28bc9a6be1df2eddc805\"},\"headline\":\"ENCUENTRO DE ESCUELAS EMBAJADORAS DEL PARLAMENTO EUROPEO (EPAS) EN MADRID\",\"datePublished\":\"2025-10-02T00:00:00+00:00\",\"dateModified\":\"2025-10-08T08:08:37+00:00\",\"mainEntityOfPage\":{\"@id\":\"https:\\\/\\\/institutobarandiaran.com\\\/es\\\/encuentro-de-escuelas-embajadoras-del-parlamento-europeo-epas-en-madrid\\\/\"},\"wordCount\":332,\"publisher\":{\"@id\":\"https:\\\/\\\/institutobarandiaran.com\\\/es\\\/#organization\"},\"image\":{\"@id\":\"https:\\\/\\\/institutobarandiaran.com\\\/es\\\/encuentro-de-escuelas-embajadoras-del-parlamento-europeo-epas-en-madrid\\\/#primaryimage\"},\"thumbnailUrl\":\"https:\\\/\\\/institutobarandiaran.com\\\/wp-content\\\/uploads\\\/2025\\\/10\\\/2_1758662191291.jpg\",\"keywords\":[\"Normal\"],\"articleSection\":[\"EPAS\"],\"inLanguage\":\"es\"},{\"@type\":\"WebPage\",\"@id\":\"https:\\\/\\\/institutobarandiaran.com\\\/es\\\/encuentro-de-escuelas-embajadoras-del-parlamento-europeo-epas-en-madrid\\\/\",\"url\":\"https:\\\/\\\/institutobarandiaran.com\\\/es\\\/encuentro-de-escuelas-embajadoras-del-parlamento-europeo-epas-en-madrid\\\/\",\"name\":\"ENCUENTRO DE ESCUELAS EMBAJADORAS DEL PARLAMENTO EUROPEO (EPAS) EN MADRID - IES Jose Miguel Barandiaran - Leioa - Instituto de Ense\u00f1anza Secundaria - Bizkaia\",\"isPartOf\":{\"@id\":\"https:\\\/\\\/institutobarandiaran.com\\\/es\\\/#website\"},\"primaryImageOfPage\":{\"@id\":\"https:\\\/\\\/institutobarandiaran.com\\\/es\\\/encuentro-de-escuelas-embajadoras-del-parlamento-europeo-epas-en-madrid\\\/#primaryimage\"},\"image\":{\"@id\":\"https:\\\/\\\/institutobarandiaran.com\\\/es\\\/encuentro-de-escuelas-embajadoras-del-parlamento-europeo-epas-en-madrid\\\/#primaryimage\"},\"thumbnailUrl\":\"https:\\\/\\\/institutobarandiaran.com\\\/wp-content\\\/uploads\\\/2025\\\/10\\\/2_1758662191291.jpg\",\"datePublished\":\"2025-10-02T00:00:00+00:00\",\"dateModified\":\"2025-10-08T08:08:37+00:00\",\"breadcrumb\":{\"@id\":\"https:\\\/\\\/institutobarandiaran.com\\\/es\\\/encuentro-de-escuelas-embajadoras-del-parlamento-europeo-epas-en-madrid\\\/#breadcrumb\"},\"inLanguage\":\"es\",\"potentialAction\":[{\"@type\":\"ReadAction\",\"target\":[\"https:\\\/\\\/institutobarandiaran.com\\\/es\\\/encuentro-de-escuelas-embajadoras-del-parlamento-europeo-epas-en-madrid\\\/\"]}]},{\"@type\":\"ImageObject\",\"inLanguage\":\"es\",\"@id\":\"https:\\\/\\\/institutobarandiaran.com\\\/es\\\/encuentro-de-escuelas-embajadoras-del-parlamento-europeo-epas-en-madrid\\\/#primaryimage\",\"url\":\"https:\\\/\\\/institutobarandiaran.com\\\/wp-content\\\/uploads\\\/2025\\\/10\\\/2_1758662191291.jpg\",\"contentUrl\":\"https:\\\/\\\/institutobarandiaran.com\\\/wp-content\\\/uploads\\\/2025\\\/10\\\/2_1758662191291.jpg\",\"width\":1600,\"height\":1200},{\"@type\":\"BreadcrumbList\",\"@id\":\"https:\\\/\\\/institutobarandiaran.com\\\/es\\\/encuentro-de-escuelas-embajadoras-del-parlamento-europeo-epas-en-madrid\\\/#breadcrumb\",\"itemListElement\":[{\"@type\":\"ListItem\",\"position\":1,\"name\":\"Portada\",\"item\":\"https:\\\/\\\/institutobarandiaran.com\\\/es\\\/\"},{\"@type\":\"ListItem\",\"position\":2,\"name\":\"ENCUENTRO DE ESCUELAS EMBAJADORAS DEL PARLAMENTO EUROPEO (EPAS) EN MADRID\"}]},{\"@type\":\"WebSite\",\"@id\":\"https:\\\/\\\/institutobarandiaran.com\\\/es\\\/#website\",\"url\":\"https:\\\/\\\/institutobarandiaran.com\\\/es\\\/\",\"name\":\"IES Jose Miguel Barandiaran - Leioa - Instituto de Ense\u00f1anza Secundaria - Bizkaia\",\"description\":\"Otro sitio realizado con WordPress\",\"publisher\":{\"@id\":\"https:\\\/\\\/institutobarandiaran.com\\\/es\\\/#organization\"},\"alternateName\":\"IES Jose Miguel Barandiaran - Leioa\",\"potentialAction\":[{\"@type\":\"SearchAction\",\"target\":{\"@type\":\"EntryPoint\",\"urlTemplate\":\"https:\\\/\\\/institutobarandiaran.com\\\/es\\\/?s={search_term_string}\"},\"query-input\":{\"@type\":\"PropertyValueSpecification\",\"valueRequired\":true,\"valueName\":\"search_term_string\"}}],\"inLanguage\":\"es\"},{\"@type\":\"Organization\",\"@id\":\"https:\\\/\\\/institutobarandiaran.com\\\/es\\\/#organization\",\"name\":\"IES Jose Miguel Barandiaran - Leioa - Instituto de Ense\u00f1anza Secundaria - Bizkaia\",\"alternateName\":\"IES Jose Miguel Barandiaran\",\"url\":\"https:\\\/\\\/institutobarandiaran.com\\\/es\\\/\",\"logo\":{\"@type\":\"ImageObject\",\"inLanguage\":\"es\",\"@id\":\"https:\\\/\\\/institutobarandiaran.com\\\/es\\\/#\\\/schema\\\/logo\\\/image\\\/\",\"url\":\"https:\\\/\\\/institutobarandiaran.com\\\/wp-content\\\/uploads\\\/2022\\\/10\\\/logo_barandiaran_color.png\",\"contentUrl\":\"https:\\\/\\\/institutobarandiaran.com\\\/wp-content\\\/uploads\\\/2022\\\/10\\\/logo_barandiaran_color.png\",\"width\":386,\"height\":164,\"caption\":\"IES Jose Miguel Barandiaran - Leioa - Instituto de Ense\u00f1anza Secundaria - Bizkaia\"},\"image\":{\"@id\":\"https:\\\/\\\/institutobarandiaran.com\\\/es\\\/#\\\/schema\\\/logo\\\/image\\\/\"},\"sameAs\":[\"https:\\\/\\\/es-es.facebook.com\\\/people\\\/IES-Jose-Miguel-Barandiaran\\\/100066301578752\\\/\",\"https:\\\/\\\/www.instagram.com\\\/barandiaran_bhi\\\/\"]},{\"@type\":\"Person\",\"@id\":\"https:\\\/\\\/institutobarandiaran.com\\\/es\\\/#\\\/schema\\\/person\\\/ee9f6451580c28bc9a6be1df2eddc805\",\"name\":\"komunika\",\"image\":{\"@type\":\"ImageObject\",\"inLanguage\":\"es\",\"@id\":\"https:\\\/\\\/secure.gravatar.com\\\/avatar\\\/a22f2ac29ef785448617c06f66acb86e91041eb5ff01e3e6145cdc0af3989762?s=96&d=mm&r=g\",\"url\":\"https:\\\/\\\/secure.gravatar.com\\\/avatar\\\/a22f2ac29ef785448617c06f66acb86e91041eb5ff01e3e6145cdc0af3989762?s=96&d=mm&r=g\",\"contentUrl\":\"https:\\\/\\\/secure.gravatar.com\\\/avatar\\\/a22f2ac29ef785448617c06f66acb86e91041eb5ff01e3e6145cdc0af3989762?s=96&d=mm&r=g\",\"caption\":\"komunika\"},\"sameAs\":[\"http:\\\/\\\/institutobarandiaran.com\"],\"url\":\"https:\\\/\\\/institutobarandiaran.com\\\/es\\\/author\\\/komunika\\\/\"}]}<\/script>\n<!-- \/ Yoast SEO plugin. -->","yoast_head_json":{"title":"ENCUENTRO DE ESCUELAS EMBAJADORAS DEL PARLAMENTO EUROPEO (EPAS) EN MADRID - IES Jose Miguel Barandiaran - Leioa - Instituto de Ense\u00f1anza Secundaria - Bizkaia","robots":{"index":"index","follow":"follow","max-snippet":"max-snippet:-1","max-image-preview":"max-image-preview:large","max-video-preview":"max-video-preview:-1"},"canonical":"https:\/\/institutobarandiaran.com\/es\/encuentro-de-escuelas-embajadoras-del-parlamento-europeo-epas-en-madrid\/","og_locale":"es_ES","og_type":"article","og_title":"ENCUENTRO DE ESCUELAS EMBAJADORAS DEL PARLAMENTO EUROPEO (EPAS) EN MADRID - IES Jose Miguel Barandiaran - Leioa - Instituto de Ense\u00f1anza Secundaria - Bizkaia","og_url":"https:\/\/institutobarandiaran.com\/es\/encuentro-de-escuelas-embajadoras-del-parlamento-europeo-epas-en-madrid\/","og_site_name":"IES Jose Miguel Barandiaran - Leioa - Instituto de Ense\u00f1anza Secundaria - Bizkaia","article_publisher":"https:\/\/es-es.facebook.com\/people\/IES-Jose-Miguel-Barandiaran\/100066301578752\/","article_published_time":"2025-10-02T00:00:00+00:00","article_modified_time":"2025-10-08T08:08:37+00:00","og_image":[{"width":1600,"height":1200,"url":"https:\/\/institutobarandiaran.com\/wp-content\/uploads\/2025\/10\/2_1758662191291.jpg","type":"image\/jpeg"}],"author":"komunika","twitter_card":"summary_large_image","twitter_misc":{"Escrito por":"komunika","Tiempo de lectura":"2 minutos"},"schema":{"@context":"https:\/\/schema.org","@graph":[{"@type":"Article","@id":"https:\/\/institutobarandiaran.com\/es\/encuentro-de-escuelas-embajadoras-del-parlamento-europeo-epas-en-madrid\/#article","isPartOf":{"@id":"https:\/\/institutobarandiaran.com\/es\/encuentro-de-escuelas-embajadoras-del-parlamento-europeo-epas-en-madrid\/"},"author":{"name":"komunika","@id":"https:\/\/institutobarandiaran.com\/es\/#\/schema\/person\/ee9f6451580c28bc9a6be1df2eddc805"},"headline":"ENCUENTRO DE ESCUELAS EMBAJADORAS DEL PARLAMENTO EUROPEO (EPAS) EN MADRID","datePublished":"2025-10-02T00:00:00+00:00","dateModified":"2025-10-08T08:08:37+00:00","mainEntityOfPage":{"@id":"https:\/\/institutobarandiaran.com\/es\/encuentro-de-escuelas-embajadoras-del-parlamento-europeo-epas-en-madrid\/"},"wordCount":332,"publisher":{"@id":"https:\/\/institutobarandiaran.com\/es\/#organization"},"image":{"@id":"https:\/\/institutobarandiaran.com\/es\/encuentro-de-escuelas-embajadoras-del-parlamento-europeo-epas-en-madrid\/#primaryimage"},"thumbnailUrl":"https:\/\/institutobarandiaran.com\/wp-content\/uploads\/2025\/10\/2_1758662191291.jpg","keywords":["Normal"],"articleSection":["EPAS"],"inLanguage":"es"},{"@type":"WebPage","@id":"https:\/\/institutobarandiaran.com\/es\/encuentro-de-escuelas-embajadoras-del-parlamento-europeo-epas-en-madrid\/","url":"https:\/\/institutobarandiaran.com\/es\/encuentro-de-escuelas-embajadoras-del-parlamento-europeo-epas-en-madrid\/","name":"ENCUENTRO DE ESCUELAS EMBAJADORAS DEL PARLAMENTO EUROPEO (EPAS) EN MADRID - IES Jose Miguel Barandiaran - Leioa - Instituto de Ense\u00f1anza Secundaria - Bizkaia","isPartOf":{"@id":"https:\/\/institutobarandiaran.com\/es\/#website"},"primaryImageOfPage":{"@id":"https:\/\/institutobarandiaran.com\/es\/encuentro-de-escuelas-embajadoras-del-parlamento-europeo-epas-en-madrid\/#primaryimage"},"image":{"@id":"https:\/\/institutobarandiaran.com\/es\/encuentro-de-escuelas-embajadoras-del-parlamento-europeo-epas-en-madrid\/#primaryimage"},"thumbnailUrl":"https:\/\/institutobarandiaran.com\/wp-content\/uploads\/2025\/10\/2_1758662191291.jpg","datePublished":"2025-10-02T00:00:00+00:00","dateModified":"2025-10-08T08:08:37+00:00","breadcrumb":{"@id":"https:\/\/institutobarandiaran.com\/es\/encuentro-de-escuelas-embajadoras-del-parlamento-europeo-epas-en-madrid\/#breadcrumb"},"inLanguage":"es","potentialAction":[{"@type":"ReadAction","target":["https:\/\/institutobarandiaran.com\/es\/encuentro-de-escuelas-embajadoras-del-parlamento-europeo-epas-en-madrid\/"]}]},{"@type":"ImageObject","inLanguage":"es","@id":"https:\/\/institutobarandiaran.com\/es\/encuentro-de-escuelas-embajadoras-del-parlamento-europeo-epas-en-madrid\/#primaryimage","url":"https:\/\/institutobarandiaran.com\/wp-content\/uploads\/2025\/10\/2_1758662191291.jpg","contentUrl":"https:\/\/institutobarandiaran.com\/wp-content\/uploads\/2025\/10\/2_1758662191291.jpg","width":1600,"height":1200},{"@type":"BreadcrumbList","@id":"https:\/\/institutobarandiaran.com\/es\/encuentro-de-escuelas-embajadoras-del-parlamento-europeo-epas-en-madrid\/#breadcrumb","itemListElement":[{"@type":"ListItem","position":1,"name":"Portada","item":"https:\/\/institutobarandiaran.com\/es\/"},{"@type":"ListItem","position":2,"name":"ENCUENTRO DE ESCUELAS EMBAJADORAS DEL PARLAMENTO EUROPEO (EPAS) EN MADRID"}]},{"@type":"WebSite","@id":"https:\/\/institutobarandiaran.com\/es\/#website","url":"https:\/\/institutobarandiaran.com\/es\/","name":"IES Jose Miguel Barandiaran - Leioa - Instituto de Ense\u00f1anza Secundaria - Bizkaia","description":"Otro sitio realizado con WordPress","publisher":{"@id":"https:\/\/institutobarandiaran.com\/es\/#organization"},"alternateName":"IES Jose Miguel Barandiaran - Leioa","potentialAction":[{"@type":"SearchAction","target":{"@type":"EntryPoint","urlTemplate":"https:\/\/institutobarandiaran.com\/es\/?s={search_term_string}"},"query-input":{"@type":"PropertyValueSpecification","valueRequired":true,"valueName":"search_term_string"}}],"inLanguage":"es"},{"@type":"Organization","@id":"https:\/\/institutobarandiaran.com\/es\/#organization","name":"IES Jose Miguel Barandiaran - Leioa - Instituto de Ense\u00f1anza Secundaria - Bizkaia","alternateName":"IES Jose Miguel Barandiaran","url":"https:\/\/institutobarandiaran.com\/es\/","logo":{"@type":"ImageObject","inLanguage":"es","@id":"https:\/\/institutobarandiaran.com\/es\/#\/schema\/logo\/image\/","url":"https:\/\/institutobarandiaran.com\/wp-content\/uploads\/2022\/10\/logo_barandiaran_color.png","contentUrl":"https:\/\/institutobarandiaran.com\/wp-content\/uploads\/2022\/10\/logo_barandiaran_color.png","width":386,"height":164,"caption":"IES Jose Miguel Barandiaran - Leioa - Instituto de Ense\u00f1anza Secundaria - Bizkaia"},"image":{"@id":"https:\/\/institutobarandiaran.com\/es\/#\/schema\/logo\/image\/"},"sameAs":["https:\/\/es-es.facebook.com\/people\/IES-Jose-Miguel-Barandiaran\/100066301578752\/","https:\/\/www.instagram.com\/barandiaran_bhi\/"]},{"@type":"Person","@id":"https:\/\/institutobarandiaran.com\/es\/#\/schema\/person\/ee9f6451580c28bc9a6be1df2eddc805","name":"komunika","image":{"@type":"ImageObject","inLanguage":"es","@id":"https:\/\/secure.gravatar.com\/avatar\/a22f2ac29ef785448617c06f66acb86e91041eb5ff01e3e6145cdc0af3989762?s=96&d=mm&r=g","url":"https:\/\/secure.gravatar.com\/avatar\/a22f2ac29ef785448617c06f66acb86e91041eb5ff01e3e6145cdc0af3989762?s=96&d=mm&r=g","contentUrl":"https:\/\/secure.gravatar.com\/avatar\/a22f2ac29ef785448617c06f66acb86e91041eb5ff01e3e6145cdc0af3989762?s=96&d=mm&r=g","caption":"komunika"},"sameAs":["http:\/\/institutobarandiaran.com"],"url":"https:\/\/institutobarandiaran.com\/es\/author\/komunika\/"}]}},"_links":{"self":[{"href":"https:\/\/institutobarandiaran.com\/es\/wp-json\/wp\/v2\/posts\/9428","targetHints":{"allow":["GET"]}}],"collection":[{"href":"https:\/\/institutobarandiaran.com\/es\/wp-json\/wp\/v2\/posts"}],"about":[{"href":"https:\/\/institutobarandiaran.com\/es\/wp-json\/wp\/v2\/types\/post"}],"author":[{"embeddable":true,"href":"https:\/\/institutobarandiaran.com\/es\/wp-json\/wp\/v2\/users\/1"}],"replies":[{"embeddable":true,"href":"https:\/\/institutobarandiaran.com\/es\/wp-json\/wp\/v2\/comments?post=9428"}],"version-history":[{"count":3,"href":"https:\/\/institutobarandiaran.com\/es\/wp-json\/wp\/v2\/posts\/9428\/revisions"}],"predecessor-version":[{"id":9533,"href":"https:\/\/institutobarandiaran.com\/es\/wp-json\/wp\/v2\/posts\/9428\/revisions\/9533"}],"wp:featuredmedia":[{"embeddable":true,"href":"https:\/\/institutobarandiaran.com\/es\/wp-json\/wp\/v2\/media\/9497"}],"wp:attachment":[{"href":"https:\/\/institutobarandiaran.com\/es\/wp-json\/wp\/v2\/media?parent=9428"}],"wp:term":[{"taxonomy":"category","embeddable":true,"href":"https:\/\/institutobarandiaran.com\/es\/wp-json\/wp\/v2\/categories?post=9428"},{"taxonomy":"post_tag","embeddable":true,"href":"https:\/\/institutobarandiaran.com\/es\/wp-json\/wp\/v2\/tags?post=9428"},{"taxonomy":"post_series","embeddable":true,"href":"https:\/\/institutobarandiaran.com\/es\/wp-json\/wp\/v2\/post_series?post=9428"}],"curies":[{"name":"wp","href":"https:\/\/api.w.org\/{rel}","templated":true}]}}